{"id":8781,"date":"2021-12-14T12:27:38","date_gmt":"2021-12-14T14:27:38","guid":{"rendered":"https:\/\/www.observatorioturismo.mg.gov.br\/?p=8781"},"modified":"2021-12-27T16:00:39","modified_gmt":"2021-12-27T18:00:39","slug":"turismo-pedagogico-nas-cidades-historicas-mineiras","status":"publish","type":"post","link":"https:\/\/www.observatorioturismo.mg.gov.br\/?p=8781","title":{"rendered":"Turismo Pedag\u00f3gico nas Cidades Hist\u00f3ricas mineiras"},"content":{"rendered":"\t\t<div data-elementor-type=\"wp-post\" data-elementor-id=\"8781\" class=\"elementor elementor-8781\">\n\t\t\t\t\t\t<section class=\"elementor-section elementor-top-section elementor-element elementor-element-831da33 elementor-section-boxed elementor-section-height-default elementor-section-height-default\" data-id=\"831da33\" data-element_type=\"section\">\n\t\t\t\t\t\t<div class=\"elementor-container elementor-column-gap-default\">\n\t\t\t\t\t<div class=\"elementor-column elementor-col-100 elementor-top-column elementor-element elementor-element-b978f4e\" data-id=\"b978f4e\" data-element_type=\"column\">\n\t\t\t<div class=\"elementor-widget-wrap elementor-element-populated\">\n\t\t\t\t\t\t<div class=\"elementor-element elementor-element-7c978bf elementor-widget elementor-widget-image-box\" data-id=\"7c978bf\" data-element_type=\"widget\" data-widget_type=\"image-box.default\">\n\t\t\t\t<div class=\"elementor-widget-container\">\n\t\t\t<div class=\"elementor-image-box-wrapper\"><div class=\"elementor-image-box-content\"><h3 class=\"elementor-image-box-title\"><div><br><\/div>TURISMO PEDAG\u00d3GICO NAS CIDADES HIST\u00d3RICAS MINEIRAS (TCC)<\/h3><p class=\"elementor-image-box-description\">Marcos Antonio Mendes<\/p><\/div><\/div>\t\t<\/div>\n\t\t\t\t<\/div>\n\t\t\t\t<div class=\"elementor-element elementor-element-5c36ba9 elementor-widget elementor-widget-text-editor\" data-id=\"5c36ba9\" data-element_type=\"widget\" data-widget_type=\"text-editor.default\">\n\t\t\t\t<div class=\"elementor-widget-container\">\n\t\t\t\t\t\t\t<p>A partir de 1990, houve uma acelera\u00e7\u00e3o no processo conhecido como globaliza\u00e7\u00e3o, o que provocou um forte impacto, inclusive no Brasil; especialmente no \u00e2mbito educacional que, desde ent\u00e3o, tem que se adaptar \u00e0s constantes transforma\u00e7\u00f5es e necessidades sociais. A globaliza\u00e7\u00e3o trouxe diversas transforma\u00e7\u00f5es em todas as \u00e1reas, em n\u00edvel mundial. Tais altera\u00e7\u00f5es causaram um enorme impacto, principalmente, nas estruturas estatais e econ\u00f4micas, na produ\u00e7\u00e3o cultural, na coletividade, nas rela\u00e7\u00f5es cotidianas e nas condi\u00e7\u00f5es de trabalho (sobretudo, nos setores de presta\u00e7\u00e3o de servi\u00e7os). Nesse contexto, o indiv\u00edduo deve ser preparado para ser um cidad\u00e3o global, cuja educa\u00e7\u00e3o deve ser fundamentada nos princ\u00edpios de liberdade, igualdade e solidariedade. Para atingir tais objetivos, o processo educacional deve estar alicer\u00e7ado em quatro pilares b\u00e1sicos: aprender a conhecer, aprender a fazer, aprender a conviver e aprender a ser. A partir de ent\u00e3o, a CF\/88 e a LDB\/96 foram o ponto de partida para posteriores e sucessivas implementa\u00e7\u00f5es de pol\u00edticas p\u00fablicas voltadas \u00e0 educa\u00e7\u00e3o. \u00c9 justamente neste ponto que o turismo pedag\u00f3gico entra em cena, tendo amparo pedag\u00f3gico e legal.<\/p>\t\t\t\t\t\t<\/div>\n\t\t\t\t<\/div>\n\t\t\t\t<div class=\"elementor-element elementor-element-e5c84c0 elementor-widget elementor-widget-image\" data-id=\"e5c84c0\" data-element_type=\"widget\" data-widget_type=\"image.default\">\n\t\t\t\t<div class=\"elementor-widget-container\">\n\t\t\t\t\t\t\t\t\t\t<figure class=\"wp-caption\">\n\t\t\t\t\t\t\t\t\t\t\t<a href=\"https:\/\/revistas.ufrj.br\/index.php\/aigeo\/article\/view\/41536\">\n\t\t\t\t\t\t\t<img decoding=\"async\" src=\"https:\/\/www.observatorioturismo.mg.gov.br\/wp-content\/uploads\/elementor\/thumbs\/leia-mais-pvs5nhaxhsgrem4uwa9rsf0cpp3s2xli00l6zri5bo.png\" title=\"leia mais\" alt=\"leia mais\" loading=\"lazy\" \/>\t\t\t\t\t\t\t\t<\/a>\n\t\t\t\t\t\t\t\t\t\t\t<figcaption class=\"widget-image-caption wp-caption-text\">Artigo para Download<\/figcaption>\n\t\t\t\t\t\t\t\t\t\t<\/figure>\n\t\t\t\t\t\t\t<\/div>\n\t\t\t\t<\/div>\n\t\t\t\t\t<\/div>\n\t\t<\/div>\n\t\t\t\t\t<\/div>\n\t\t<\/section>\n\t\t\t\t<\/div>\n\t\t","protected":false},"excerpt":{"rendered":"<p>TURISMO PEDAG\u00d3GICO NAS CIDADES HIST\u00d3RICAS MINEIRAS (TCC) Marcos Antonio Mendes A partir de 1990, houve uma acelera\u00e7\u00e3o no processo conhecido [&hellip;]<\/p>\n","protected":false},"author":7,"featured_media":6402,"comment_status":"closed","ping_status":"closed","sticky":false,"template":"","format":"standard","meta":{"_monsterinsights_skip_tracking":false,"_monsterinsights_sitenote_active":false,"_monsterinsights_sitenote_note":"","_monsterinsights_sitenote_category":0,"site-sidebar-layout":"default","site-content-layout":"","ast-site-content-layout":"default","site-content-style":"default","site-sidebar-style":"default","ast-global-header-display":"","ast-banner-title-visibility":"","ast-main-header-display":"","ast-hfb-above-header-display":"","ast-hfb-below-header-display":"","ast-hfb-mobile-header-display":"","site-post-title":"","ast-breadcrumbs-content":"","ast-featured-img":"","footer-sml-layout":"","theme-transparent-header-meta":"","adv-header-id-meta":"","stick-header-meta":"","header-above-stick-meta":"","header-main-stick-meta":"","header-below-stick-meta":"","astra-migrate-meta-layouts":"default","ast-page-background-enabled":"default","ast-page-background-meta":{"desktop":{"background-color":"var(--ast-global-color-5)","background-image":"","background-repeat":"repeat","background-position":"center center","background-size":"auto","background-attachment":"scroll","background-type":"","background-media":"","overlay-type":"","overlay-color":"","overlay-opacity":"","overlay-gradient":""},"tablet":{"background-color":"","background-image":"","background-repeat":"repeat","background-position":"center center","background-size":"auto","background-attachment":"scroll","background-type":"","background-media":"","overlay-type":"","overlay-color":"","overlay-opacity":"","overlay-gradient":""},"mobile":{"background-color":"","background-image":"","background-repeat":"repeat","background-position":"center center","background-size":"auto","background-attachment":"scroll","background-type":"","background-media":"","overlay-type":"","overlay-color":"","overlay-opacity":"","overlay-gradient":""}},"ast-content-background-meta":{"desktop":{"background-color":"var(--ast-global-color-4)","background-image":"","background-repeat":"repeat","background-position":"center center","background-size":"auto","background-attachment":"scroll","background-type":"","background-media":"","overlay-type":"","overlay-color":"","overlay-opacity":"","overlay-gradient":""},"tablet":{"background-color":"var(--ast-global-color-4)","background-image":"","background-repeat":"repeat","background-position":"center center","background-size":"auto","background-attachment":"scroll","background-type":"","background-media":"","overlay-type":"","overlay-color":"","overlay-opacity":"","overlay-gradient":""},"mobile":{"background-color":"var(--ast-global-color-4)","background-image":"","background-repeat":"repeat","background-position":"center center","background-size":"auto","background-attachment":"scroll","background-type":"","background-media":"","overlay-type":"","overlay-color":"","overlay-opacity":"","overlay-gradient":""}},"footnotes":""},"categories":[40,61,45],"tags":[],"class_list":["post-8781","post","type-post","status-publish","format-standard","has-post-thumbnail","hentry","category-artigos-academicos","category-cidades-historicas","category-segmentos-turisticos"],"_links":{"self":[{"href":"https:\/\/www.observatorioturismo.mg.gov.br\/index.php?rest_route=\/wp\/v2\/posts\/8781","targetHints":{"allow":["GET"]}}],"collection":[{"href":"https:\/\/www.observatorioturismo.mg.gov.br\/index.php?rest_route=\/wp\/v2\/posts"}],"about":[{"href":"https:\/\/www.observatorioturismo.mg.gov.br\/index.php?rest_route=\/wp\/v2\/types\/post"}],"author":[{"embeddable":true,"href":"https:\/\/www.observatorioturismo.mg.gov.br\/index.php?rest_route=\/wp\/v2\/users\/7"}],"replies":[{"embeddable":true,"href":"https:\/\/www.observatorioturismo.mg.gov.br\/index.php?rest_route=%2Fwp%2Fv2%2Fcomments&post=8781"}],"version-history":[{"count":0,"href":"https:\/\/www.observatorioturismo.mg.gov.br\/index.php?rest_route=\/wp\/v2\/posts\/8781\/revisions"}],"wp:featuredmedia":[{"embeddable":true,"href":"https:\/\/www.observatorioturismo.mg.gov.br\/index.php?rest_route=\/wp\/v2\/media\/6402"}],"wp:attachment":[{"href":"https:\/\/www.observatorioturismo.mg.gov.br\/index.php?rest_route=%2Fwp%2Fv2%2Fmedia&parent=8781"}],"wp:term":[{"taxonomy":"category","embeddable":true,"href":"https:\/\/www.observatorioturismo.mg.gov.br\/index.php?rest_route=%2Fwp%2Fv2%2Fcategories&post=8781"},{"taxonomy":"post_tag","embeddable":true,"href":"https:\/\/www.observatorioturismo.mg.gov.br\/index.php?rest_route=%2Fwp%2Fv2%2Ftags&post=8781"}],"curies":[{"name":"wp","href":"https:\/\/api.w.org\/{rel}","templated":true}]}}