{"id":8711,"date":"2021-11-05T13:12:17","date_gmt":"2021-11-05T16:12:17","guid":{"rendered":"https:\/\/www.observatorioturismo.mg.gov.br\/?p=8711"},"modified":"2021-12-14T12:29:03","modified_gmt":"2021-12-14T14:29:03","slug":"uso-publico-e-conservacao-estudo-das-trilhas-do-parque-natural-municipal-das-andorinhas-ouro-preto-mg","status":"publish","type":"post","link":"https:\/\/www.observatorioturismo.mg.gov.br\/?p=8711","title":{"rendered":"Uso p\u00fablico e conserva\u00e7\u00e3o: estudo das trilhas do Parque Natural Municipal das Andorinhas, Ouro Preto (MG)"},"content":{"rendered":"\t\t<div data-elementor-type=\"wp-post\" data-elementor-id=\"8711\" class=\"elementor elementor-8711\">\n\t\t\t\t\t\t<section class=\"elementor-section elementor-top-section elementor-element elementor-element-c4c49db elementor-section-boxed elementor-section-height-default elementor-section-height-default\" data-id=\"c4c49db\" data-element_type=\"section\">\n\t\t\t\t\t\t<div class=\"elementor-container elementor-column-gap-default\">\n\t\t\t\t\t<div class=\"elementor-column elementor-col-100 elementor-top-column elementor-element elementor-element-df5aa62\" data-id=\"df5aa62\" data-element_type=\"column\">\n\t\t\t<div class=\"elementor-widget-wrap elementor-element-populated\">\n\t\t\t\t\t\t<div class=\"elementor-element elementor-element-df630d2 elementor-widget elementor-widget-image-box\" data-id=\"df630d2\" data-element_type=\"widget\" data-widget_type=\"image-box.default\">\n\t\t\t\t<div class=\"elementor-widget-container\">\n\t\t\t<div class=\"elementor-image-box-wrapper\"><div class=\"elementor-image-box-content\"><h3 class=\"elementor-image-box-title\"><div>Uso p\u00fablico e conserva\u00e7\u00e3o: estudo das trilhas do Parque Natural Municipal das Andorinhas, Ouro Preto (MG)<\/div><\/h3><p class=\"elementor-image-box-description\">Simone Fernandes Machado, Ricardo Eust\u00e1quio Fonseca Filho, Sandra Maria Antunes Nogueira<\/p><\/div><\/div>\t\t<\/div>\n\t\t\t\t<\/div>\n\t\t\t\t<div class=\"elementor-element elementor-element-a6698e3 elementor-widget elementor-widget-text-editor\" data-id=\"a6698e3\" data-element_type=\"widget\" data-widget_type=\"text-editor.default\">\n\t\t\t\t<div class=\"elementor-widget-container\">\n\t\t\t\t\t\t\t<p>Diversas categorias de Unidades de Conserva\u00e7\u00e3o (UCs) institu\u00eddas no Brasil permitem o uso p\u00fablico. Entretanto, os impactos resultantes da atividade de visita\u00e7\u00e3o tur\u00edstica nessas \u00e1reas s\u00e3o pouco pesquisados e tecnicamente geridos. A quest\u00e3o central do estudo \u00e9 como a abertura n\u00e3o planejada de trilhas para fins tur\u00edsticos pode impactar o Parque Natural Municipal das Andorinhas (PNMA) em Ouro Preto (MG). Tendo como hip\u00f3tese o entendimento de que a utiliza\u00e7\u00e3o de trilhas n\u00e3o planejadas pode causar impactos na UC. Neste sentido, o objetivo do presente trabalho foi o de analisar nove trilhas utilizadas para visita\u00e7\u00e3o tur\u00edstica do PNMA. A metodologia da pesquisa abrangeu pesquisa bibliogr\u00e1fica e documental das trilhas, seu manejo e impactos ambientais; elabora\u00e7\u00e3o de ficha qualiquantitativa estruturada para analis\u00e1-las; e trabalhos de campo nas mesmas. Como resultado, observou-se que as principais caracter\u00edsticas ambientais de interesse tur\u00edstico s\u00e3o a observa\u00e7\u00e3o de flora e fauna e os cursos d\u2019\u00e1gua; e os principais impactos s\u00e3o as queimadas, abertura irregular de trilhas e desmatamento. Conclui-se que o conheci mento da situa\u00e7\u00e3o das trilhas pode auxiliar a gest\u00e3o da UC no planejamento e conserva\u00e7\u00e3o das mesmas.<\/p>\t\t\t\t\t\t<\/div>\n\t\t\t\t<\/div>\n\t\t\t\t<div class=\"elementor-element elementor-element-1d99078 elementor-widget elementor-widget-image\" data-id=\"1d99078\" data-element_type=\"widget\" data-widget_type=\"image.default\">\n\t\t\t\t<div class=\"elementor-widget-container\">\n\t\t\t\t\t\t\t\t\t\t<figure class=\"wp-caption\">\n\t\t\t\t\t\t\t\t\t\t\t<a href=\"https:\/\/www.dropbox.com\/s\/s6xl1smrkrmh7t2\/article%20conservation%20and%20public%20use%20of%20andorinhas%20park%20ouro%20preto.pdf?dl=0\">\n\t\t\t\t\t\t\t<img decoding=\"async\" src=\"https:\/\/www.observatorioturismo.mg.gov.br\/wp-content\/uploads\/elementor\/thumbs\/leia-mais-pvs5nhaxhsgrem4uwa9rsf0cpp3s2xli00l6zri5bo.png\" title=\"leia mais\" alt=\"leia mais\" loading=\"lazy\" \/>\t\t\t\t\t\t\t\t<\/a>\n\t\t\t\t\t\t\t\t\t\t\t<figcaption class=\"widget-image-caption wp-caption-text\">Artigo para Download<\/figcaption>\n\t\t\t\t\t\t\t\t\t\t<\/figure>\n\t\t\t\t\t\t\t<\/div>\n\t\t\t\t<\/div>\n\t\t\t\t\t<\/div>\n\t\t<\/div>\n\t\t\t\t\t<\/div>\n\t\t<\/section>\n\t\t\t\t<\/div>\n\t\t","protected":false},"excerpt":{"rendered":"<p>Uso p\u00fablico e conserva\u00e7\u00e3o: estudo das trilhas do Parque Natural Municipal das Andorinhas, Ouro Preto (MG) Simone Fernandes Machado, Ricardo [&hellip;]<\/p>\n","protected":false},"author":1,"featured_media":8518,"comment_status":"closed","ping_status":"closed","sticky":false,"template":"","format":"standard","meta":{"_monsterinsights_skip_tracking":false,"_monsterinsights_sitenote_active":false,"_monsterinsights_sitenote_note":"","_monsterinsights_sitenote_category":0,"site-sidebar-layout":"default","site-content-layout":"","ast-site-content-layout":"default","site-content-style":"default","site-sidebar-style":"default","ast-global-header-display":"","ast-banner-title-visibility":"","ast-main-header-display":"","ast-hfb-above-header-display":"","ast-hfb-below-header-display":"","ast-hfb-mobile-header-display":"","site-post-title":"","ast-breadcrumbs-content":"","ast-featured-img":"","footer-sml-layout":"","theme-transparent-header-meta":"","adv-header-id-meta":"","stick-header-meta":"","header-above-stick-meta":"","header-main-stick-meta":"","header-below-stick-meta":"","astra-migrate-meta-layouts":"default","ast-page-background-enabled":"default","ast-page-background-meta":{"desktop":{"background-color":"var(--ast-global-color-5)","background-image":"","background-repeat":"repeat","background-position":"center center","background-size":"auto","background-attachment":"scroll","background-type":"","background-media":"","overlay-type":"","overlay-color":"","overlay-opacity":"","overlay-gradient":""},"tablet":{"background-color":"","background-image":"","background-repeat":"repeat","background-position":"center center","background-size":"auto","background-attachment":"scroll","background-type":"","background-media":"","overlay-type":"","overlay-color":"","overlay-opacity":"","overlay-gradient":""},"mobile":{"background-color":"","background-image":"","background-repeat":"repeat","background-position":"center center","background-size":"auto","background-attachment":"scroll","background-type":"","background-media":"","overlay-type":"","overlay-color":"","overlay-opacity":"","overlay-gradient":""}},"ast-content-background-meta":{"desktop":{"background-color":"var(--ast-global-color-4)","background-image":"","background-repeat":"repeat","background-position":"center center","background-size":"auto","background-attachment":"scroll","background-type":"","background-media":"","overlay-type":"","overlay-color":"","overlay-opacity":"","overlay-gradient":""},"tablet":{"background-color":"var(--ast-global-color-4)","background-image":"","background-repeat":"repeat","background-position":"center center","background-size":"auto","background-attachment":"scroll","background-type":"","background-media":"","overlay-type":"","overlay-color":"","overlay-opacity":"","overlay-gradient":""},"mobile":{"background-color":"var(--ast-global-color-4)","background-image":"","background-repeat":"repeat","background-position":"center center","background-size":"auto","background-attachment":"scroll","background-type":"","background-media":"","overlay-type":"","overlay-color":"","overlay-opacity":"","overlay-gradient":""}},"footnotes":""},"categories":[40,61,50,1],"tags":[],"class_list":["post-8711","post","type-post","status-publish","format-standard","has-post-thumbnail","hentry","category-artigos-academicos","category-cidades-historicas","category-meio-ambiente","category-publicacao"],"_links":{"self":[{"href":"https:\/\/www.observatorioturismo.mg.gov.br\/index.php?rest_route=\/wp\/v2\/posts\/8711","targetHints":{"allow":["GET"]}}],"collection":[{"href":"https:\/\/www.observatorioturismo.mg.gov.br\/index.php?rest_route=\/wp\/v2\/posts"}],"about":[{"href":"https:\/\/www.observatorioturismo.mg.gov.br\/index.php?rest_route=\/wp\/v2\/types\/post"}],"author":[{"embeddable":true,"href":"https:\/\/www.observatorioturismo.mg.gov.br\/index.php?rest_route=\/wp\/v2\/users\/1"}],"replies":[{"embeddable":true,"href":"https:\/\/www.observatorioturismo.mg.gov.br\/index.php?rest_route=%2Fwp%2Fv2%2Fcomments&post=8711"}],"version-history":[{"count":0,"href":"https:\/\/www.observatorioturismo.mg.gov.br\/index.php?rest_route=\/wp\/v2\/posts\/8711\/revisions"}],"wp:featuredmedia":[{"embeddable":true,"href":"https:\/\/www.observatorioturismo.mg.gov.br\/index.php?rest_route=\/wp\/v2\/media\/8518"}],"wp:attachment":[{"href":"https:\/\/www.observatorioturismo.mg.gov.br\/index.php?rest_route=%2Fwp%2Fv2%2Fmedia&parent=8711"}],"wp:term":[{"taxonomy":"category","embeddable":true,"href":"https:\/\/www.observatorioturismo.mg.gov.br\/index.php?rest_route=%2Fwp%2Fv2%2Fcategories&post=8711"},{"taxonomy":"post_tag","embeddable":true,"href":"https:\/\/www.observatorioturismo.mg.gov.br\/index.php?rest_route=%2Fwp%2Fv2%2Ftags&post=8711"}],"curies":[{"name":"wp","href":"https:\/\/api.w.org\/{rel}","templated":true}]}}